{"id":2637,"date":"2026-04-28T11:44:31","date_gmt":"2026-04-28T11:44:31","guid":{"rendered":"https:\/\/agerapr.se\/?p=2637"},"modified":"2026-04-28T11:44:31","modified_gmt":"2026-04-28T11:44:31","slug":"an-easy-way-to-measure-whether-your-pr-is-working","status":"publish","type":"post","link":"https:\/\/agerapr.se\/en\/an-easy-way-to-measure-whether-your-pr-is-working\/","title":{"rendered":"An easy way to measure whether your PR is working"},"content":{"rendered":"<p data-start=\"0\" data-end=\"514\">In marketing, there\u2019s an established concept that turns out to be surprisingly useful for PR as well: <em>Excess Share of Voice (ESOV)<\/em>. At its core, it\u2019s a simple yet powerful metric for determining whether you\u2019re visible enough to drive growth. When your share of communication\u2014your share of voice\u2014exceeds your market share, you know you\u2019re occupying more space than your size would normally justify. That\u2019s how PR can make you better known than larger competitors.<\/p>\n<p data-start=\"516\" data-end=\"857\">Traditionally, ESOV is used in advertising, where you compare how much a brand invests in visibility with its actual position in the market. But the same logic works perfectly well in PR. The difference is that here you measure your presence in editorial contexts: how often you appear, in which channels, and how you compare to competitors.<\/p>\n<p data-start=\"859\" data-end=\"1263\">This makes ESOV a concrete way to evaluate PR efforts. If you consistently capture a larger share of media coverage than your market position suggests, you\u2019re outperforming in communications. You become more visible, more relevant, and more present in the minds of your target audience than competitors who are actually bigger than you. That\u2019s a clear sign that your PR is working\u2014and giving you an edge.<\/p>\n<p data-start=\"1265\" data-end=\"1650\">At the same time, it provides a long-awaited answer to one of the most common questions: how much should you really invest in PR? Many struggle with this and end up relying on budget constraints or gut feeling. But instead, you can base it on your level of ambition. If your share of voice only matches your market share, you risk standing still. To gain ground, you need to exceed it. It&#8217;s as simple as that.<\/p>\n<p data-start=\"1652\" data-end=\"1954\" data-is-last-node=\"\" data-is-only-node=\"\">Thinking in terms of ESOV therefore leads to a more proactive, focused, and goal-driven way of working with PR. The emphasis shifts to consistently being heard more than your size would suggest, which over time makes you top of mind among in-market buyers. In the end, that\u2019s what truly drives results.<\/p>\n","protected":false},"excerpt":{"rendered":"<p>In marketing, there\u2019s an established concept that turns out to be surprisingly useful for PR as well: Excess Share of Voice (ESOV). At its core, it\u2019s a simple yet powerful metric for determining whether you\u2019re visible enough to drive growth. When your share of communication\u2014your share of voice\u2014exceeds your market share, you know you\u2019re occupying [&hellip;]<\/p>\n","protected":false},"author":3,"featured_media":2078,"comment_status":"closed","ping_status":"closed","sticky":false,"template":"","format":"standard","meta":{"_et_pb_use_builder":"","_et_pb_old_content":"","_et_gb_content_width":"","om_disable_all_campaigns":false,"_monsterinsights_skip_tracking":false,"_monsterinsights_sitenote_active":false,"_monsterinsights_sitenote_note":"","_monsterinsights_sitenote_category":0,"footnotes":""},"categories":[13],"tags":[],"class_list":["post-2637","post","type-post","status-publish","format-standard","has-post-thumbnail","hentry","category-uncategorized"],"yoast_head":"<!-- This site is optimized with the Yoast SEO plugin v27.5 - https:\/\/yoast.com\/product\/yoast-seo-wordpress\/ -->\n<title>An easy way to measure whether your PR is working - En PR-byr\u00e5 i Stockholm<\/title>\n<meta name=\"robots\" content=\"index, follow, max-snippet:-1, max-image-preview:large, max-video-preview:-1\" \/>\n<link rel=\"canonical\" href=\"https:\/\/agerapr.se\/en\/an-easy-way-to-measure-whether-your-pr-is-working\/\" \/>\n<meta property=\"og:locale\" content=\"en_US\" \/>\n<meta property=\"og:type\" content=\"article\" \/>\n<meta property=\"og:title\" content=\"An easy way to measure whether your PR is working - En PR-byr\u00e5 i Stockholm\" \/>\n<meta property=\"og:description\" content=\"In marketing, there\u2019s an established concept that turns out to be surprisingly useful for PR as well: Excess Share of Voice (ESOV). At its core, it\u2019s a simple yet powerful metric for determining whether you\u2019re visible enough to drive growth. When your share of communication\u2014your share of voice\u2014exceeds your market share, you know you\u2019re occupying [&hellip;]\" \/>\n<meta property=\"og:url\" content=\"https:\/\/agerapr.se\/en\/an-easy-way-to-measure-whether-your-pr-is-working\/\" \/>\n<meta property=\"og:site_name\" content=\"En PR-byr\u00e5 i Stockholm\" \/>\n<meta property=\"article:published_time\" content=\"2026-04-28T11:44:31+00:00\" \/>\n<meta property=\"og:image\" content=\"https:\/\/agerapr.se\/wp-content\/uploads\/2025\/09\/AdobeStock_192825974-scaled.jpeg\" \/>\n\t<meta property=\"og:image:width\" content=\"2560\" \/>\n\t<meta property=\"og:image:height\" content=\"1707\" \/>\n\t<meta property=\"og:image:type\" content=\"image\/jpeg\" \/>\n<meta name=\"author\" content=\"Michael Falk\" \/>\n<meta name=\"twitter:card\" content=\"summary_large_image\" \/>\n<meta name=\"twitter:label1\" content=\"Written by\" \/>\n\t<meta name=\"twitter:data1\" content=\"Michael Falk\" \/>\n\t<meta name=\"twitter:label2\" content=\"Est. reading time\" \/>\n\t<meta name=\"twitter:data2\" content=\"2 minutes\" \/>\n<script type=\"application\/ld+json\" class=\"yoast-schema-graph\">{\"@context\":\"https:\\\/\\\/schema.org\",\"@graph\":[{\"@type\":\"Article\",\"@id\":\"https:\\\/\\\/agerapr.se\\\/en\\\/an-easy-way-to-measure-whether-your-pr-is-working\\\/#article\",\"isPartOf\":{\"@id\":\"https:\\\/\\\/agerapr.se\\\/en\\\/an-easy-way-to-measure-whether-your-pr-is-working\\\/\"},\"author\":{\"name\":\"Michael Falk\",\"@id\":\"https:\\\/\\\/agerapr.se\\\/en\\\/#\\\/schema\\\/person\\\/d284be55d883168c3f8611626ffef198\"},\"headline\":\"An easy way to measure whether your PR is working\",\"datePublished\":\"2026-04-28T11:44:31+00:00\",\"mainEntityOfPage\":{\"@id\":\"https:\\\/\\\/agerapr.se\\\/en\\\/an-easy-way-to-measure-whether-your-pr-is-working\\\/\"},\"wordCount\":346,\"image\":{\"@id\":\"https:\\\/\\\/agerapr.se\\\/en\\\/an-easy-way-to-measure-whether-your-pr-is-working\\\/#primaryimage\"},\"thumbnailUrl\":\"https:\\\/\\\/agerapr.se\\\/wp-content\\\/uploads\\\/2025\\\/09\\\/AdobeStock_192825974-scaled.jpeg\",\"inLanguage\":\"en-US\"},{\"@type\":\"WebPage\",\"@id\":\"https:\\\/\\\/agerapr.se\\\/en\\\/an-easy-way-to-measure-whether-your-pr-is-working\\\/\",\"url\":\"https:\\\/\\\/agerapr.se\\\/en\\\/an-easy-way-to-measure-whether-your-pr-is-working\\\/\",\"name\":\"An easy way to measure whether your PR is working - En PR-byr\u00e5 i Stockholm\",\"isPartOf\":{\"@id\":\"https:\\\/\\\/agerapr.se\\\/en\\\/#website\"},\"primaryImageOfPage\":{\"@id\":\"https:\\\/\\\/agerapr.se\\\/en\\\/an-easy-way-to-measure-whether-your-pr-is-working\\\/#primaryimage\"},\"image\":{\"@id\":\"https:\\\/\\\/agerapr.se\\\/en\\\/an-easy-way-to-measure-whether-your-pr-is-working\\\/#primaryimage\"},\"thumbnailUrl\":\"https:\\\/\\\/agerapr.se\\\/wp-content\\\/uploads\\\/2025\\\/09\\\/AdobeStock_192825974-scaled.jpeg\",\"datePublished\":\"2026-04-28T11:44:31+00:00\",\"author\":{\"@id\":\"https:\\\/\\\/agerapr.se\\\/en\\\/#\\\/schema\\\/person\\\/d284be55d883168c3f8611626ffef198\"},\"breadcrumb\":{\"@id\":\"https:\\\/\\\/agerapr.se\\\/en\\\/an-easy-way-to-measure-whether-your-pr-is-working\\\/#breadcrumb\"},\"inLanguage\":\"en-US\",\"potentialAction\":[{\"@type\":\"ReadAction\",\"target\":[\"https:\\\/\\\/agerapr.se\\\/en\\\/an-easy-way-to-measure-whether-your-pr-is-working\\\/\"]}]},{\"@type\":\"ImageObject\",\"inLanguage\":\"en-US\",\"@id\":\"https:\\\/\\\/agerapr.se\\\/en\\\/an-easy-way-to-measure-whether-your-pr-is-working\\\/#primaryimage\",\"url\":\"https:\\\/\\\/agerapr.se\\\/wp-content\\\/uploads\\\/2025\\\/09\\\/AdobeStock_192825974-scaled.jpeg\",\"contentUrl\":\"https:\\\/\\\/agerapr.se\\\/wp-content\\\/uploads\\\/2025\\\/09\\\/AdobeStock_192825974-scaled.jpeg\",\"width\":2560,\"height\":1707,\"caption\":\"influencer marketing\"},{\"@type\":\"BreadcrumbList\",\"@id\":\"https:\\\/\\\/agerapr.se\\\/en\\\/an-easy-way-to-measure-whether-your-pr-is-working\\\/#breadcrumb\",\"itemListElement\":[{\"@type\":\"ListItem\",\"position\":1,\"name\":\"Hem\",\"item\":\"https:\\\/\\\/agerapr.se\\\/en\\\/\"},{\"@type\":\"ListItem\",\"position\":2,\"name\":\"An easy way to measure whether your PR is working\"}]},{\"@type\":\"WebSite\",\"@id\":\"https:\\\/\\\/agerapr.se\\\/en\\\/#website\",\"url\":\"https:\\\/\\\/agerapr.se\\\/en\\\/\",\"name\":\"En PR-byr\u00e5 i Stockholm\",\"description\":\"Hj\u00e4lper f\u00f6retag med kommunikation och PR\",\"potentialAction\":[{\"@type\":\"SearchAction\",\"target\":{\"@type\":\"EntryPoint\",\"urlTemplate\":\"https:\\\/\\\/agerapr.se\\\/en\\\/?s={search_term_string}\"},\"query-input\":{\"@type\":\"PropertyValueSpecification\",\"valueRequired\":true,\"valueName\":\"search_term_string\"}}],\"inLanguage\":\"en-US\"},{\"@type\":\"Person\",\"@id\":\"https:\\\/\\\/agerapr.se\\\/en\\\/#\\\/schema\\\/person\\\/d284be55d883168c3f8611626ffef198\",\"name\":\"Michael Falk\",\"image\":{\"@type\":\"ImageObject\",\"inLanguage\":\"en-US\",\"@id\":\"https:\\\/\\\/secure.gravatar.com\\\/avatar\\\/e28f5f66a34ac342583fad1b1e27d477d033f792f268f8cc975afc06f7cc8a01?s=96&d=mm&r=g\",\"url\":\"https:\\\/\\\/secure.gravatar.com\\\/avatar\\\/e28f5f66a34ac342583fad1b1e27d477d033f792f268f8cc975afc06f7cc8a01?s=96&d=mm&r=g\",\"contentUrl\":\"https:\\\/\\\/secure.gravatar.com\\\/avatar\\\/e28f5f66a34ac342583fad1b1e27d477d033f792f268f8cc975afc06f7cc8a01?s=96&d=mm&r=g\",\"caption\":\"Michael Falk\"},\"sameAs\":[\"https:\\\/\\\/agerapr.se\\\/\"],\"url\":\"https:\\\/\\\/agerapr.se\\\/en\\\/author\\\/michael-falk\\\/\"}]}<\/script>\n<!-- \/ Yoast SEO plugin. -->","yoast_head_json":{"title":"An easy way to measure whether your PR is working - En PR-byr\u00e5 i Stockholm","robots":{"index":"index","follow":"follow","max-snippet":"max-snippet:-1","max-image-preview":"max-image-preview:large","max-video-preview":"max-video-preview:-1"},"canonical":"https:\/\/agerapr.se\/en\/an-easy-way-to-measure-whether-your-pr-is-working\/","og_locale":"en_US","og_type":"article","og_title":"An easy way to measure whether your PR is working - En PR-byr\u00e5 i Stockholm","og_description":"In marketing, there\u2019s an established concept that turns out to be surprisingly useful for PR as well: Excess Share of Voice (ESOV). At its core, it\u2019s a simple yet powerful metric for determining whether you\u2019re visible enough to drive growth. When your share of communication\u2014your share of voice\u2014exceeds your market share, you know you\u2019re occupying [&hellip;]","og_url":"https:\/\/agerapr.se\/en\/an-easy-way-to-measure-whether-your-pr-is-working\/","og_site_name":"En PR-byr\u00e5 i Stockholm","article_published_time":"2026-04-28T11:44:31+00:00","og_image":[{"width":2560,"height":1707,"url":"https:\/\/agerapr.se\/wp-content\/uploads\/2025\/09\/AdobeStock_192825974-scaled.jpeg","type":"image\/jpeg"}],"author":"Michael Falk","twitter_card":"summary_large_image","twitter_misc":{"Written by":"Michael Falk","Est. reading time":"2 minutes"},"schema":{"@context":"https:\/\/schema.org","@graph":[{"@type":"Article","@id":"https:\/\/agerapr.se\/en\/an-easy-way-to-measure-whether-your-pr-is-working\/#article","isPartOf":{"@id":"https:\/\/agerapr.se\/en\/an-easy-way-to-measure-whether-your-pr-is-working\/"},"author":{"name":"Michael Falk","@id":"https:\/\/agerapr.se\/en\/#\/schema\/person\/d284be55d883168c3f8611626ffef198"},"headline":"An easy way to measure whether your PR is working","datePublished":"2026-04-28T11:44:31+00:00","mainEntityOfPage":{"@id":"https:\/\/agerapr.se\/en\/an-easy-way-to-measure-whether-your-pr-is-working\/"},"wordCount":346,"image":{"@id":"https:\/\/agerapr.se\/en\/an-easy-way-to-measure-whether-your-pr-is-working\/#primaryimage"},"thumbnailUrl":"https:\/\/agerapr.se\/wp-content\/uploads\/2025\/09\/AdobeStock_192825974-scaled.jpeg","inLanguage":"en-US"},{"@type":"WebPage","@id":"https:\/\/agerapr.se\/en\/an-easy-way-to-measure-whether-your-pr-is-working\/","url":"https:\/\/agerapr.se\/en\/an-easy-way-to-measure-whether-your-pr-is-working\/","name":"An easy way to measure whether your PR is working - En PR-byr\u00e5 i Stockholm","isPartOf":{"@id":"https:\/\/agerapr.se\/en\/#website"},"primaryImageOfPage":{"@id":"https:\/\/agerapr.se\/en\/an-easy-way-to-measure-whether-your-pr-is-working\/#primaryimage"},"image":{"@id":"https:\/\/agerapr.se\/en\/an-easy-way-to-measure-whether-your-pr-is-working\/#primaryimage"},"thumbnailUrl":"https:\/\/agerapr.se\/wp-content\/uploads\/2025\/09\/AdobeStock_192825974-scaled.jpeg","datePublished":"2026-04-28T11:44:31+00:00","author":{"@id":"https:\/\/agerapr.se\/en\/#\/schema\/person\/d284be55d883168c3f8611626ffef198"},"breadcrumb":{"@id":"https:\/\/agerapr.se\/en\/an-easy-way-to-measure-whether-your-pr-is-working\/#breadcrumb"},"inLanguage":"en-US","potentialAction":[{"@type":"ReadAction","target":["https:\/\/agerapr.se\/en\/an-easy-way-to-measure-whether-your-pr-is-working\/"]}]},{"@type":"ImageObject","inLanguage":"en-US","@id":"https:\/\/agerapr.se\/en\/an-easy-way-to-measure-whether-your-pr-is-working\/#primaryimage","url":"https:\/\/agerapr.se\/wp-content\/uploads\/2025\/09\/AdobeStock_192825974-scaled.jpeg","contentUrl":"https:\/\/agerapr.se\/wp-content\/uploads\/2025\/09\/AdobeStock_192825974-scaled.jpeg","width":2560,"height":1707,"caption":"influencer marketing"},{"@type":"BreadcrumbList","@id":"https:\/\/agerapr.se\/en\/an-easy-way-to-measure-whether-your-pr-is-working\/#breadcrumb","itemListElement":[{"@type":"ListItem","position":1,"name":"Hem","item":"https:\/\/agerapr.se\/en\/"},{"@type":"ListItem","position":2,"name":"An easy way to measure whether your PR is working"}]},{"@type":"WebSite","@id":"https:\/\/agerapr.se\/en\/#website","url":"https:\/\/agerapr.se\/en\/","name":"En PR-byr\u00e5 i Stockholm","description":"Hj\u00e4lper f\u00f6retag med kommunikation och PR","potentialAction":[{"@type":"SearchAction","target":{"@type":"EntryPoint","urlTemplate":"https:\/\/agerapr.se\/en\/?s={search_term_string}"},"query-input":{"@type":"PropertyValueSpecification","valueRequired":true,"valueName":"search_term_string"}}],"inLanguage":"en-US"},{"@type":"Person","@id":"https:\/\/agerapr.se\/en\/#\/schema\/person\/d284be55d883168c3f8611626ffef198","name":"Michael Falk","image":{"@type":"ImageObject","inLanguage":"en-US","@id":"https:\/\/secure.gravatar.com\/avatar\/e28f5f66a34ac342583fad1b1e27d477d033f792f268f8cc975afc06f7cc8a01?s=96&d=mm&r=g","url":"https:\/\/secure.gravatar.com\/avatar\/e28f5f66a34ac342583fad1b1e27d477d033f792f268f8cc975afc06f7cc8a01?s=96&d=mm&r=g","contentUrl":"https:\/\/secure.gravatar.com\/avatar\/e28f5f66a34ac342583fad1b1e27d477d033f792f268f8cc975afc06f7cc8a01?s=96&d=mm&r=g","caption":"Michael Falk"},"sameAs":["https:\/\/agerapr.se\/"],"url":"https:\/\/agerapr.se\/en\/author\/michael-falk\/"}]}},"_links":{"self":[{"href":"https:\/\/agerapr.se\/en\/wp-json\/wp\/v2\/posts\/2637","targetHints":{"allow":["GET"]}}],"collection":[{"href":"https:\/\/agerapr.se\/en\/wp-json\/wp\/v2\/posts"}],"about":[{"href":"https:\/\/agerapr.se\/en\/wp-json\/wp\/v2\/types\/post"}],"author":[{"embeddable":true,"href":"https:\/\/agerapr.se\/en\/wp-json\/wp\/v2\/users\/3"}],"replies":[{"embeddable":true,"href":"https:\/\/agerapr.se\/en\/wp-json\/wp\/v2\/comments?post=2637"}],"version-history":[{"count":1,"href":"https:\/\/agerapr.se\/en\/wp-json\/wp\/v2\/posts\/2637\/revisions"}],"predecessor-version":[{"id":2638,"href":"https:\/\/agerapr.se\/en\/wp-json\/wp\/v2\/posts\/2637\/revisions\/2638"}],"wp:featuredmedia":[{"embeddable":true,"href":"https:\/\/agerapr.se\/en\/wp-json\/wp\/v2\/media\/2078"}],"wp:attachment":[{"href":"https:\/\/agerapr.se\/en\/wp-json\/wp\/v2\/media?parent=2637"}],"wp:term":[{"taxonomy":"category","embeddable":true,"href":"https:\/\/agerapr.se\/en\/wp-json\/wp\/v2\/categories?post=2637"},{"taxonomy":"post_tag","embeddable":true,"href":"https:\/\/agerapr.se\/en\/wp-json\/wp\/v2\/tags?post=2637"}],"curies":[{"name":"wp","href":"https:\/\/api.w.org\/{rel}","templated":true}]}}